{"data":[{"titulo":"El Centro Cultural La Estaci\u00f3n proyectar\u00e1 dos pel\u00edculas","descripcion":"<p>El Centro Cultural La Estaci\u00f3n proyectar\u00e1 dos pel\u00edculas<\/p><p><br><\/p><p>El Centro Cultural La Estaci\u00f3n ser\u00e1 espacio de dos funciones cinematogr\u00e1ficas, con propuestas para disfrutar de manera libre y gratuita.<\/p><p><br><\/p><p>Las funciones se realizar\u00e1n en la Sala de Teatro \u201cRicardo Listorti\u201d, ubicada en Av. Ituzaing\u00f3 320.<\/p><p><br><\/p><p>La programaci\u00f3n comenzar\u00e1 el viernes 4 de septiembre, a las 20:30 horas, con la proyecci\u00f3n de \u201cEl escuerzo\u201d, dirigida por Augusto Sinay.<\/p><p><br><\/p><p>En tanto, el martes 8 de septiembre, a las 20:30 horas, ser\u00e1 el turno de \u201cLa virgen de la tosquera\u201d, pel\u00edcula dirigida por Laura Casab\u00e9.<\/p><p><br><\/p><p>La propuesta busca acercar el cine a la comunidad y generar nuevos espacios de encuentro y acceso a producciones cinematogr\u00e1ficas.<\/p><p><br><\/p><p>\u00a1Los esperamos!<\/p>","pathname":null},{"titulo":"Seguridad recuerda la documentaci\u00f3n obligatoria para circular","descripcion":"<p>La Secretar\u00eda de Seguridad de la Municipalidad de Tres Arroyos recuerda a quienes conducen veh\u00edculos que es su responsabilidad circular con toda la documentaci\u00f3n reglamentaria, vigente y disponible para ser exhibida durante los controles preventivos.<\/p><p><br><\/p><p>Al momento de circular se deber\u00e1 contar con:<\/p><p><br><\/p><p>Documento Nacional de Identidad.<\/p><p>Licencia de conducir vigente.<\/p><p>C\u00e9dula de identificaci\u00f3n del veh\u00edculo.<\/p><p>Comprobante del seguro obligatorio vigente.<\/p><p>Verificaci\u00f3n T\u00e9cnica Vehicular vigente, cuando corresponda.<\/p><p>Chapas patente colocadas, visibles y en condiciones reglamentarias.<\/p><p><br><\/p><p>En la provincia de Buenos Aires se debe portar la licencia de conducir en formato f\u00edsico. Esto se debe a que la Provincia no adopt\u00f3 plenamente el sistema digital para reemplazar la credencial f\u00edsica, ya que la informaci\u00f3n exhibida en Mi Argentina puede no actualizarse de manera inmediata ante una retenci\u00f3n, suspensi\u00f3n o inhabilitaci\u00f3n.<\/p><p><br><\/p><p>Por este motivo, una persona cuya licencia haya sido retenida o que se encuentre inhabilitada podr\u00eda continuar viendo la credencial digital en la aplicaci\u00f3n durante un determinado per\u00edodo. Esta demora dificulta que los agentes comprueben en el momento del control el estado real de la habilitaci\u00f3n para conducir.<\/p><p><br><\/p><p>El DNI y la c\u00e9dula de identificaci\u00f3n del veh\u00edculo pueden presentarse en formato digital desde la aplicaci\u00f3n oficial Mi Argentina, siempre que puedan visualizarse correctamente y verificarse durante el procedimiento. Una fotograf\u00eda o captura de pantalla no reemplaza la documentaci\u00f3n disponible en la aplicaci\u00f3n oficial.<\/p><p><br><\/p><p>El comprobante del seguro obligatorio tambi\u00e9n puede presentarse digitalmente, pero deber\u00e1 estar previamente descargado o disponible en el tel\u00e9fono. La falta de se\u00f1al o de datos m\u00f3viles no exime al conductor de su obligaci\u00f3n de exhibirlo. Si no puede accederse al comprobante durante el control, se considerar\u00e1 que la documentaci\u00f3n no fue presentada y podr\u00e1 labrarse la infracci\u00f3n correspondiente.<\/p><p><br><\/p><p>Los operativos de tr\u00e1nsito tienen una finalidad preventiva: buscan promover una circulaci\u00f3n segura, verificar el cumplimiento de las normas y detectar situaciones que puedan representar un riesgo para la comunidad.<\/p><p><br><\/p><p>Estos procedimientos han permitido recuperar veh\u00edculos robados en otras localidades e identificar personas sobre las que pesaban pedidos de captura. Por este motivo, los controles constituyen una herramienta fundamental para fortalecer la prevenci\u00f3n y la seguridad en todo el distrito.<\/p><p><br><\/p><p>Desde la Secretar\u00eda de Seguridad se solicita la colaboraci\u00f3n de todos los conductores: antes de salir, es importante verificar que la documentaci\u00f3n est\u00e9 vigente y accesible. Circular en regla es una responsabilidad individual que contribuye a cuidar a toda la comunidad.<\/p>","pathname":null},{"titulo":"\u00bfQui\u00e9n cuida a quienes cuidan?","descripcion":"<p>Desde el Programa Municipal de Prevenci\u00f3n en Consumos Problem\u00e1ticos y Promoci\u00f3n de Salud Mental invitamos a reflexionar sobre una situaci\u00f3n que atraviesa a muchas familias: el agotamiento de madres, padres y referentes adultos que tienen a su cargo tareas de cuidado.<\/p><p>Criar y cuidar implica una disponibilidad f\u00edsica y emocional constante. Sin embargo, nadie puede sostener ese nivel de disponibilidad todo el tiempo sin descansar. Cuando el cansancio se acumula y nos sentimos sobrepasados, puede resultar m\u00e1s dif\u00edcil tener paciencia, escuchar, responder con calma o afrontar las situaciones cotidianas como quisi\u00e9ramos.<\/p><p>A veces esto genera un c\u00edrculo dif\u00edcil: estamos agotados, reaccionamos de una manera que no nos representa, aparece la culpa y, en lugar de reconocer que necesitamos un descanso o apoyo, nos exigimos todav\u00eda m\u00e1s. As\u00ed, el agotamiento contin\u00faa.<\/p><p>Sentirse cansado, necesitar ayuda o perder la paciencia en alg\u00fan momento no significa ser un mal padre, una mala madre o un mal cuidador. Significa que somos personas y que tambi\u00e9n necesitamos ser cuidados.<\/p><p>Reconocer nuestros propios l\u00edmites, aceptar ayuda, compartir c\u00f3mo nos sentimos, repartir las tareas de cuidado y encontrar espacios de descanso cuando sea posible tambi\u00e9n son formas de cuidar la salud mental.<\/p><p>No se trata de ser adultos que nunca se equivocan. Los ni\u00f1os, ni\u00f1as y adolescentes necesitan referentes que puedan reconocer cuando algo sale como no lo esperaban, se puede reparar y volver a intentarlo. Eso tambi\u00e9n ense\u00f1a.<\/p><p>Desde una mirada preventiva, cuidar a quienes cuidan tambi\u00e9n es cuidar los v\u00ednculos y el bienestar de toda la familia.<\/p><p>Porque cuidar la propia salud mental no nos aleja de nuestros hijos e hijas: nos ayuda a estar m\u00e1s disponibles para ellos y ellas.<\/p><p>Si tenes dudas o consultas podes comunicarte con el Programa Municipal de Prevenci\u00f3n en Consumos Problem\u00e1ticos y Promoci\u00f3n de Salud Mental al 2983608497<\/p>","pathname":null},{"titulo":"CRESTA convoca a Licenciados\/as en Enfermer\u00eda para cubrir cargos docentes","descripcion":"<p>Desde el Centro Regional de Estudios Superiores de Tres Arroyos, comunicaron que se encuentra abierta la convocatoria a Licenciadas y Licenciados en Enfermer\u00eda interesados en incorporarse al equipo docente de la Licenciatura en Enfermer\u00eda de la Universidad Nacional del Sur (UNS) en Tres Arroyos.<\/p><p><br><\/p><p>La b\u00fasqueda tiene como objetivo cubrir dos (2) cargos de Ayudante A, con dedicaci\u00f3n simple, para acompa\u00f1ar a estudiantes en las actividades pr\u00e1cticas de Pr\u00e1ctica Integrada I.<\/p><p><br><\/p><p>Se requiere t\u00edtulo de Licenciada\/o en Enfermer\u00eda y al menos dos a\u00f1os de experiencia profesional en Atenci\u00f3n Primaria de la Salud (APS), cl\u00ednica m\u00e9dica y\/o quir\u00fargica, pediatr\u00eda, sala de partos y\/o quir\u00f3fano.<\/p><p><br><\/p><p>Se valorar\u00e1 especialmente la experiencia previa en docencia, tutor\u00eda, supervisi\u00f3n o acompa\u00f1amiento de estudiantes, as\u00ed como formaci\u00f3n vinculada a la ense\u00f1anza de Enfermer\u00eda.<\/p><p><br><\/p><p>Postulaciones hasta el 4 de septiembre.<\/p><p><br><\/p><p>Las personas interesadas deber\u00e1n completar el formulario y adjuntar su CV: https:\/\/forms.gle\/uK5yuufCKP46PLdX8<\/p>","pathname":null},{"titulo":"Un aviso por un veh\u00edculo sospechoso permiti\u00f3 recuperar un auto robado","descripcion":"<p>Un aviso por un veh\u00edculo sospechoso permiti\u00f3 recuperar un auto robado<\/p><p>La Secretar\u00eda de Seguridad de la Municipalidad de Tres Arroyos informa que, a partir de un aviso recibido sobre la presencia de un veh\u00edculo sospechoso, el Centro de Operaciones inici\u00f3 su seguimiento mediante las c\u00e1maras de monitoreo.<\/p><p>Una de las c\u00e1maras utilizadas para realizar el seguimiento fue instalada recientemente, lo que permiti\u00f3 localizar el Volkswagen Polo y dar aviso inmediato a la Polic\u00eda para coordinar su interceptaci\u00f3n junto con personal de Tr\u00e1nsito.&nbsp;<\/p><p>Durante el procedimiento se constat\u00f3 que el veh\u00edculo ten\u00eda un pedido activo de secuestro por robo en la ciudad de Mar del Plata y que era conducido por una persona menor de edad. El autom\u00f3vil qued\u00f3 a disposici\u00f3n de las autoridades correspondientes y se iniciaron las actuaciones legales pertinentes.<\/p><p>En el marco de los controles tambi\u00e9n fue secuestrado un Volkswagen Bora por falta de la documentaci\u00f3n obligatoria.<\/p><p>Como resultado total del operativo:<\/p><p>Se labraron 31 infracciones.<\/p><p>Se secuestraron cinco motos.<\/p><p>Se secuestraron tres autom\u00f3viles.<\/p><p>Se retuvieron cinco licencias de conducir.<\/p><p>Desde la Secretar\u00eda de Seguridad se destaca la importancia de la colaboraci\u00f3n ciudadana, la incorporaci\u00f3n de nuevas herramientas de monitoreo y el trabajo coordinado entre el Centro de Operaciones, la Polic\u00eda y el personal de Tr\u00e1nsito para brindar respuestas concretas y fortalecer la seguridad de la comunidad.<\/p>","pathname":null},{"titulo":"Se viene la cuarta edici\u00f3n de \u201cLa Previa de la Previa\u201d","descripcion":"<p><br><\/p><p>El Servicio de Salud Sexual Integral del Centro Municipal de Salud de Tres Arroyos llevar\u00e1 adelante, por cuarto a\u00f1o consecutivo, el festival \u201cLa Previa de la Previa\u201d, una propuesta destinada a las adolescencias del distrito.<\/p><p><br><\/p><p>La jornada se realizar\u00e1 el mi\u00e9rcoles 9 de septiembre, de 9 a 15 horas, en el Polideportivo Municipal, y contar\u00e1 con stands informativos, juegos, m\u00fasica, actividades recreativas y servicio de cantina.<\/p><p><br><\/p><p>El festival naci\u00f3 como una estrategia de promoci\u00f3n y prevenci\u00f3n de la salud, con el objetivo de acompa\u00f1ar a las y los j\u00f3venes antes de los festejos por el D\u00eda del Estudiante y la llegada de la primavera. A trav\u00e9s de distintas propuestas, se abordar\u00e1n tem\u00e1ticas vinculadas con la salud sexual integral, el cuidado y autocuidado, los consumos y los v\u00ednculos sexoafectivos.<\/p><p><br><\/p><p>\u201cLa Previa de la Previa\u201d busca acercar el sistema de salud a las adolescencias, fortalecer las redes comunitarias y generar un espacio de encuentro, participaci\u00f3n, escucha y confianza, desde una perspectiva integral y centrada en los derechos.<\/p><p><br><\/p><p>Adem\u00e1s, la jornada permitir\u00e1 visibilizar el trabajo que el Servicio de Salud Sexual Integral desarrolla durante todo el a\u00f1o, brindando atenci\u00f3n accesible, confidencial y respetuosa para acompa\u00f1ar las distintas necesidades e inquietudes de las y los adolescentes, como tambi\u00e9n de la poblacion en general!<\/p><p><br><\/p><p>Desde el Centro Municipal de Salud se invita a las juventudes del distrito a participar de esta nueva edici\u00f3n y compartir una jornada para encontrarse, divertirse, informarse y aprender a cuidarse<\/p>","pathname":null},{"titulo":"CAMBIO DE AUTORIDADES EN LA CUPULA POLICIAL DEL DTO VIAL TRES ARROYOS","descripcion":"<p>El pasado Miercoles 26 del corriente mes, se llev\u00f3 a cabo en el Destacamento de Seguridad Vial Tres Arroyos, cambio de autoridades, dejando el mandato luego de 5 a\u00f1os de una muy buena gesti\u00f3n el Subcomisario Mario Anibal Pio, siendo reemplazo en funciones por la Oficial Subayidante Fesler Maria Victoria, quien se transforma en la primera Mujer en estar a cargo de la dependencia de Seguridad Vial Tres Arroyos. Cabe destacar que el Subcomisario Mario Anibal Pio fue promovido para pasar a cumplir funciones como Supervisor de Servicios Viales Del Departamento de Zona Op. Vial V Bahia Blanca, quien tendr\u00e1 su base en esta localidad de Tres Arroyos., para continuar trabajando mancomunadamente junto a las fuerzas policiales de este medio<\/p>","pathname":null},{"titulo":"Dos demorados por tenencia simple de estupefacientes en la Ruta Nacional N.\u00ba 3","descripcion":"<p>Dos demorados por tenencia simple de estupefacientes en la Ruta Nacional N.\u00ba 3<\/p><p>Personal de la Polic\u00eda de Seguridad Vial de Tres Arroyos intervino este 31 de agosto en un procedimiento por tenencia simple de estupefacientes realizado en el kil\u00f3metro 495,5 de la Ruta Nacional N.\u00ba 3.<\/p><p>En el Operativo los efectivos interceptaron un Volkswagen Suran, ocupado por dos ocupantes masculinos, ambos oriundos de Neuqu\u00e9n.<\/p><p>Durante la requisa se incautaron 61,5 gramos de marihuana que se encontraban en poder de uno de los ocupantes y otros 3,9 gramos en poder del otro ocupante. Tambi\u00e9n fueron secuestrados tres tel\u00e9fonos celulares.<\/p><p>Ambos hombres fueron aprehendidos y quedaron a disposici\u00f3n de la UFIJ N.\u00ba 13 de Tres Arroyos.<\/p>","pathname":null},{"titulo":"\u00c9xito rotundo en el festejo del D\u00eda del ni\u00f1o organizado por el Club de Emprendedores","descripcion":"<p>Este domingo el Parque Caba\u00f1as fue el escenario de una jornada inolvidable para cientos de familias que se acercaron a celebrar el D\u00eda del ni\u00f1o, en un evento que super\u00f3 todas las expectativas organizativas.<\/p><p>El evento fue posible gracias al incansable trabajo y compromiso de los miembros del Club de Emprendedores, programa perteneciente a la Oficina de Empleo y Capacitaci\u00f3n de la Municipalidad de Tres Arroyos. Bajo la coordinaci\u00f3n de la Direcci\u00f3n de Industria, Comercio y Emprendedurismo, este equipo hizo realidad una propuesta integral para el disfrute de la comunidad.<\/p><p>Desde las 11 horas, los vecinos colmaron el predio para disfrutar de una variada grilla de actividades. La jornada incluy\u00f3 numerosos inflables para los m\u00e1s peque\u00f1os, espect\u00e1culos de circo en vivo y la presencia de diversos foodtrucks que complementaron la oferta gastron\u00f3mica. La destacada feria de emprendedores locales ofreci\u00f3 sus productos a los asistentes, fomentando la econom\u00eda regional.<\/p><p>La m\u00fasica en vivo fue un pilar fundamental de la celebraci\u00f3n, con la aplaudida participaci\u00f3n de las bandas locales Vertigo y Psicosis, y el solista Luciano Ranzini, quienes animaron la tarde con sus repertorios. El sonido profesional estuvo a cargo de Miguel Burgos.<\/p>","pathname":null},{"titulo":"Se inaugur\u00f3 la Posta Sanitaria del barrio La Aceitera","descripcion":"<p>Qued\u00f3 inaugurada la nueva Posta Sanitaria del barrio La Aceitera, un espacio destinado a acercar la atenci\u00f3n primaria de la salud y brindar una respuesta concreta a las necesidades de los vecinos del sector.\u00a0<\/p><p>El acto cont\u00f3 con la presencia del intendente Pablo Garete; Javier Su\u00e1rez, presidente de la Junta Vecinal, Mercedes Moreno Secretaria de Salud; Juan Serna, Director APS; personal de Salud, vecinos y p\u00fablico en general.<\/p><p>La creaci\u00f3n de esta posta surgi\u00f3 a partir de una reuni\u00f3n realizada en julio de 2023, durante la cual los vecinos plantearon la necesidad de contar con un espacio de atenci\u00f3n sanitaria m\u00e1s cercano. Desde ese momento, el Municipio comenz\u00f3 a trabajar junto con las \u00e1reas involucradas para concretar esta soluci\u00f3n.\u00a0<\/p><p>Hasta el momento, los vecinos de los barrios La Aceitera y Villa Italia compart\u00edan el mismo espacio de atenci\u00f3n. La apertura de esta nueva posta permitir\u00e1 ampliar la cobertura sanitaria, mejorar la organizaci\u00f3n del servicio y ofrecer una atenci\u00f3n m\u00e1s cercana y accesible para la comunidad.<\/p><p>La puesta en funcionamiento de la Posta Sanitaria representa un avance importante para el barrio, ya que permitir\u00e1 fortalecer la prevenci\u00f3n, facilitar el acceso a la atenci\u00f3n y acompa\u00f1ar a las familias del sector.<\/p><p>Desde el Municipio se destac\u00f3 que las respuestas no siempre pueden ser inmediatas, debido al trabajo, la planificaci\u00f3n y los recursos que requiere cada proyecto. Sin embargo, se reafirm\u00f3 el compromiso de escuchar las necesidades de los vecinos y continuar gestionando para ofrecer soluciones que mejoren su calidad de vida.\u00a0<\/p><p>La inauguraci\u00f3n fue acompa\u00f1ada por trabajadores de la salud, autoridades y vecinos, quienes celebraron la apertura de este nuevo espacio de atenci\u00f3n y cuidado comunitario.<\/p>","pathname":null},{"titulo":"Operativo conjunto de tr\u00e1nsito: siete motos secuestradas y 30 infracciones","descripcion":"<p>Durante la tarde de ayer, personal de la Secretar\u00eda de Seguridad de la Municipalidad de Tres Arroyos llev\u00f3 adelante un operativo de tr\u00e1nsito en forma conjunta con efectivos policiales.<\/p><p>En el procedimiento se controlaron 72 veh\u00edculos y 20 motocicletas. Como resultado, fueron secuestrados siete motoveh\u00edculos y se labraron 30 infracciones:<\/p><p>12 por conducir sin licencia.<\/p><p>7 por falta de seguro obligatorio.<\/p><p>8 por circular sin casco.<\/p><p>2 por escapes antirreglamentarios.<\/p><p>1 por circular en contramano.<\/p><p>Desde el Municipio se continuar\u00e1 trabajando de manera articulada con las fuerzas policiales, fortaleciendo los controles preventivos para promover una circulaci\u00f3n m\u00e1s segura y responsable.<\/p><p>Se recuerda que respetar las normas de tr\u00e1nsito, utilizar casco y contar con la documentaci\u00f3n obligatoria son medidas esenciales para cuidar la vida. La seguridad vial la construimos entre todos.<\/p>","pathname":null},{"titulo":"MULAZZI: EXPOSICI\u00d3N DE  \"MIRADAS DE LA INFANCIA\" Y \"COLECCI\u00d3N MONETA ALLER\"","descripcion":"<p><br><\/p><p>El Museo Municipal Jos\u00e9 A. Mulazzi invita al p\u00fablico a visitar y recorrer&nbsp; las dos muestras expuestas en las salas I. Jaka y Mayor.<\/p><p>\"Miradas de la infancia\" de la artista local Valeria Ebbens,&nbsp; exhibe obras compuestas en \u00f3leo y acr\u00edlico sobre lienzo, a partir de referencias fotogr\u00e1ficas de ni\u00f1os, haciendo alusi\u00f3n al Mes de las Infancias.&nbsp;<\/p><p>Por su parte, en la Sala mayor, se encuentra parte de la colecci\u00f3n de Ra\u00fal O. Moneta Aller, eximio artista que,&nbsp; en el marco del 2\u00b0 aniversario de su fallecimiento, sus familiares decidieron donar algunas de sus obras al mencionado espacio, para ser resguardadas y formar parte del destacado acervo art\u00edstico que posee el Museo.&nbsp;<\/p><p>Cabe destacar que, las muestras pueden ser visitadas de lunes a viernes de 7 a 19 horas con entrada libre y gratuita.<\/p>","pathname":null},{"titulo":"Proceso de Orientaci\u00f3n Vocacional en CRESTA: una oportunidad para empezar a dise\u00f1ar un proyecto de vida","descripcion":"<p>Con el objetivo de acompa\u00f1ar a los y las estudiantes en una etapa clave de su recorrido educativo, CRESTA pone en marcha \u201cUn Futuro Consciente\u201d, un taller de orientaci\u00f3n vocacional destinado a alumnos que cursan el \u00faltimo a\u00f1o del nivel secundario en la ciudad de Tres Arroyos.<\/p><p><br><\/p><p>La propuesta, a cargo del Equipo de Acompa\u00f1amiento y Desarrollo Estudiantil (EADE), integrado por Florencia Quiroga y Melody San Rom\u00e1n, busca ofrecer un espacio de reflexi\u00f3n y autoconocimiento para que cada estudiante pueda explorar sus intereses, motivaciones y tomar decisiones conscientes sobre su futuro acad\u00e9mico.<\/p><p><br><\/p><p>El taller consta de cinco encuentros grupales y una instancia individual, en los que se trabajar\u00e1 con actividades dise\u00f1adas para ayudar a identificar vocaciones y construir proyectos personales. La actividad es gratuita y cuenta con cupo limitado.<\/p><p><br><\/p><p>Los encuentros se desarrollar\u00e1n todos los martes a las 17 hs en la sede de CRESTA y comenzar\u00e1n el 1\u00b0 de septiembre.<\/p><p><br><\/p><p>Las inscripciones ya se encuentran abiertas y pueden realizarse a trav\u00e9s de este formulario:&nbsp;<\/p><p>https:\/\/forms.gle\/5yCL787L2tXgpwSb8<\/p><p><br><\/p><p>Desde CRESTA seguimos trabajando para que los j\u00f3venes de la regi\u00f3n puedan construir su futuro con herramientas, contenci\u00f3n y libertad de elecci\u00f3n<\/p>","pathname":null},{"titulo":"Municipalidad de Tres Arroyos, a trav\u00e9s de la Direcci\u00f3n de Industria, Comercio y Emprendedurismo junto a la Oficina de Empleo y Capacitaci\u00f3n, invita a todas las familias de la comu","descripcion":"<p>La Municipalidad de Tres Arroyos, a trav\u00e9s de la Direcci\u00f3n de Industria, Comercio y Emprendedurismo junto a la Oficina de Empleo y Capacitaci\u00f3n, invita a todas las familias de la comunidad a celebrar el D\u00eda de la Ni\u00f1ez este domingo 30 de agosto, a partir de las 11:00 horas, en el Parque Caba\u00f1as.<\/p><p><br><\/p><p>La jornada, organizada por el Club de Emprendedores de Tres Arroyos, est\u00e1 pensada para el disfrute de los m\u00e1s chicos y contar\u00e1 con juegos inflables, patio de foodtrucks, paseo de emprendedores y sorteos entre los presentes. La propuesta incluir\u00e1 espect\u00e1culos en vivo con las presentaciones de La Calaka Circo, V\u00e9rtigo, Luciano Ranzini y Psicosis Rock Band, acompa\u00f1ados por el sonido de Miguel Burgos.<\/p>","pathname":null},{"titulo":"Se concret\u00f3 el financiamiento para construir 10 viviendas destinadas al personal policial","descripcion":"<p>La Municipalidad de Tres Arroyos y la Caja de Retiros de la Polic\u00eda de la Provincia de Buenos Aires dieron un nuevo paso para hacer realidad la construcci\u00f3n de 10 viviendas destinadas al personal policial del distrito.<\/p><p><br><\/p><p>Luego del convenio firmado en mayo de 2025, mediante el cual se puso en marcha el proyecto, en esta oportunidad se formaliz\u00f3 el aporte financiero de $680 millones por parte del Fondo de Ayuda Financiera (FAF) para avanzar con la ejecuci\u00f3n de la obra.<\/p><p><br><\/p><p>La documentaci\u00f3n fue suscripta por el intendente Pablo Garate y el presidente de la Caja, Dr. Carlos Enrique Langone, con la presencia del secretario Franco Tegue, integrantes del Directorio de la Caja y miembros de la Comisi\u00f3n Fiscalizadora del FAF.<\/p><p><br><\/p><p>El esquema establece responsabilidades claramente diferenciadas: el financiamiento para la construcci\u00f3n de las viviendas es aportado por el FAF, mientras que la Municipalidad pone a disposici\u00f3n diez terrenos de propiedad municipal. La selecci\u00f3n de las personas adjudicatarias ser\u00e1 realizada por la Caja de la Polic\u00eda de la Provincia de Buenos Aires.<\/p><p><br><\/p><p>Cada unidad contar\u00e1 con dos dormitorios, cocina-comedor, ba\u00f1o y lavadero, con una superficie cubierta de 60 metros cuadrados. Las viviendas ser\u00e1n construidas en lotes de aproximadamente 372 metros cuadrados y el plazo previsto para la ejecuci\u00f3n de la obra ser\u00e1 de un a\u00f1o.<\/p><p><br><\/p><p>El acuerdo correspondiente a esta nueva etapa ser\u00e1 elevado al Honorable Concejo Deliberante para su tratamiento y aprobaci\u00f3n.<\/p><p><br><\/p><p>Con estas diez unidades, el programa alcanza un total de 177 viviendas en v\u00edas de construcci\u00f3n en distintos puntos de la provincia de Buenos Aires.<\/p><p><br><\/p><p>De esta manera, el proyecto iniciado en 2025 avanza hacia una instancia concreta, con el financiamiento necesario para comenzar la construcci\u00f3n y brindar nuevas soluciones habitacionales al personal policial de Tres Arroyos.<\/p>","pathname":null}],"links":{"first":"https:\/\/mail.tresarroyos.gov.ar\/filtro-noticias\/all?page=1","last":"https:\/\/mail.tresarroyos.gov.ar\/filtro-noticias\/all?page=123","prev":null,"next":"https:\/\/mail.tresarroyos.gov.ar\/filtro-noticias\/all?page=2"},"meta":{"current_page":1,"from":1,"last_page":123,"links":[{"url":null,"label":"&laquo; Previous","active":false},{"url":"https:\/\/mail.tresarroyos.gov.ar\/filtro-noticias\/all?page=1","label":"1","active":true},{"url":"https:\/\/mail.tresarroyos.gov.ar\/filtro-noticias\/all?page=2","label":"2","active":false},{"url":"https:\/\/mail.tresarroyos.gov.ar\/filtro-noticias\/all?page=3","label":"3","active":false},{"url":"https:\/\/mail.tresarroyos.gov.ar\/filtro-noticias\/all?page=4","label":"4","active":false},{"url":"https:\/\/mail.tresarroyos.gov.ar\/filtro-noticias\/all?page=5","label":"5","active":false},{"url":"https:\/\/mail.tresarroyos.gov.ar\/filtro-noticias\/all?page=6","label":"6","active":false},{"url":"https:\/\/mail.tresarroyos.gov.ar\/filtro-noticias\/all?page=7","label":"7","active":false},{"url":"https:\/\/mail.tresarroyos.gov.ar\/filtro-noticias\/all?page=8","label":"8","active":false},{"url":"https:\/\/mail.tresarroyos.gov.ar\/filtro-noticias\/all?page=9","label":"9","active":false},{"url":"https:\/\/mail.tresarroyos.gov.ar\/filtro-noticias\/all?page=10","label":"10","active":false},{"url":null,"label":"...","active":false},{"url":"https:\/\/mail.tresarroyos.gov.ar\/filtro-noticias\/all?page=122","label":"122","active":false},{"url":"https:\/\/mail.tresarroyos.gov.ar\/filtro-noticias\/all?page=123","label":"123","active":false},{"url":"https:\/\/mail.tresarroyos.gov.ar\/filtro-noticias\/all?page=2","label":"Next &raquo;","active":false}],"path":"https:\/\/mail.tresarroyos.gov.ar\/filtro-noticias\/all","per_page":15,"to":15,"total":1831}}